{"id":1250,"date":"2012-06-21T09:45:46","date_gmt":"2012-06-21T09:45:46","guid":{"rendered":"http:\/\/rechtsportlich.net\/?p=1250"},"modified":"2012-06-21T09:49:51","modified_gmt":"2012-06-21T09:49:51","slug":"uber-minderjahrige-darf-nicht-einfach-so-berichtet-werden","status":"publish","type":"post","link":"http:\/\/rechtsportlich.net\/?p=1250","title":{"rendered":"\u00dcber Minderj\u00e4hrige darf nicht einfach so berichtet werden"},"content":{"rendered":"<p><strong>Diese Woche hat der EGMR (Europ\u00e4ischer Gerichtshof f\u00fcr Menschenrechte) dar\u00fcber entschieden, wann \u00fcber Minderj\u00e4hrige &#8211; die keine Personen des \u00f6ffentlichen Lebens sind &#8211; berichtet werden darf und wann solche Personen besonderen Schutz gegen\u00fcber der Presse genie\u00dfen. Die Richter kommen zu dem Ergebnis, dass \u00fcber einen Minderj\u00e4hrigen auch dann nicht identifizierend berichtet werden darf, wenn der Sachverhalt von allgemeinem Interesse ist (EGMR: Az.: <a href=\"http:\/\/dejure.org\/dienste\/vernetzung\/rechtsprechung?Text=1593\/06\" target=\"_blank\" title=\"EGMR, 19.06.2012 - 1593\/06: Kurier Zeitungsverlag und Druckerei GmbH .\/. &Ouml;sterreich\">1593\/06<\/a>).<\/strong><\/p>\n<p>Bei derartigen Berichterstattung gilt es st\u00e4ndig, das Pers\u00f6nlichkeitsrecht des Minderj\u00e4hrigen gegen die Pressefreiheit abzuw\u00e4gen. Eben diese Pers\u00f6nlichkeitsrechte haben die Richter des EGMR diese Woche gest\u00e4rkt.<\/p>\n<p>\u00dcber Minderj\u00e4hrige darf grunds\u00e4tzlich nicht einfach so identifizierend berichtet werden, auch wenn der Grund der Berichterstattung bzw. das Geschehene dahinter von \u00f6ffentlichem Interesse ist. Eine Ausnahme gibt es m\u00f6glicherweise nur dann, wenn es sich bei dem Minderj\u00e4hrigen ohnehin um eine Person der Zeitgeschichte bzw. um eine Person handelt, die gezielt die \u00d6ffentlichkeit in der Vergangenheit gesucht hat.<\/p>\n<p>Im vorliegenden Verfahren ging es wohl darum, dass Medien \u00fcber einen Sorgerechtsstreit berichtet hatten. Dabei ver\u00f6ffentlichten sie auch Fotos, auf denen der Minderj\u00e4hrige mit schmerzverzerrtem Gesicht gezeigt wurde.<\/p>\n","protected":false},"excerpt":{"rendered":"<p>Diese Woche hat der EGMR (Europ\u00e4ischer Gerichtshof f\u00fcr Menschenrechte) dar\u00fcber entschieden, wann \u00fcber Minderj\u00e4hrige &#8211; die keine Personen des \u00f6ffentlichen Lebens sind &#8211; berichtet werden darf und wann solche Personen besonderen Schutz gegen\u00fcber der Presse genie\u00dfen. Die Richter kommen zu dem Ergebnis, dass \u00fcber einen Minderj\u00e4hrigen auch dann nicht identifizierend berichtet werden darf, wenn der &hellip; <\/p>\n<p class=\"link-more\"><a href=\"http:\/\/rechtsportlich.net\/?p=1250\" class=\"more-link\"><span class=\"screen-reader-text\">\u201e\u00dcber Minderj\u00e4hrige darf nicht einfach so berichtet werden\u201c<\/span> weiterlesen<\/a><\/p>\n","protected":false},"author":2,"featured_media":0,"comment_status":"open","ping_status":"open","sticky":false,"template":"","format":"standard","meta":[],"categories":[16],"tags":[62,485,522],"aioseo_notices":[],"aioseo_head":"\n\t\t<!-- All in One SEO 5.0.1.1 - aioseo.com -->\n\t<meta name=\"description\" content=\"Diese Woche hat der EGMR (Europ\u00e4ischer Gerichtshof f\u00fcr Menschenrechte) dar\u00fcber entschieden, wann \u00fcber Minderj\u00e4hrige - die keine Personen des \u00f6ffentlichen Lebens sind - berichtet werden darf und wann solche Personen besondere Schutz gegen\u00fcber der Presse genie\u00dfen. Die Richter kommen zu dem Ergebnis, dass \u00fcber einen Minderj\u00e4hrigen auch dann nicht identifizierend berichtet werden darf, wenn der Sachverhalt von allgemeinem Interesse ist (EGMR: Az.: 27306\/07; 1593\/06).\" \/>\n\t<meta name=\"robots\" content=\"max-image-preview:large\" \/>\n\t<meta name=\"author\" content=\"Prof. Dr. Ralf Kitzberger, LL.M.\"\/>\n\t<meta name=\"keywords\" content=\"minderj\u00e4hrige,berichterstattung,medien,berichterstattung,medien,minderj\u00e4hrige\" \/>\n\t<link rel=\"canonical\" href=\"http:\/\/rechtsportlich.net\/?p=1250\" \/>\n\t<meta name=\"generator\" content=\"All in One SEO (AIOSEO) 5.0.1.1\" \/>\n\t\t<meta property=\"og:locale\" content=\"de_DE\" \/>\n\t\t<meta property=\"og:site_name\" content=\"rechtsportlich.net\" \/>\n\t\t<meta property=\"og:type\" content=\"blog\" \/>\n\t\t<meta property=\"og:title\" content=\"\u00dcber Minderj\u00e4hrige darf nicht einfach so berichtet werden | rechtsportlich\" \/>\n\t\t<meta property=\"og:description\" content=\"Diese Woche hat der EGMR (Europ\u00e4ischer Gerichtshof f\u00fcr Menschenrechte) dar\u00fcber entschieden, wann \u00fcber Minderj\u00e4hrige - die keine Personen des \u00f6ffentlichen Lebens sind - berichtet werden darf und wann solche Personen besondere Schutz gegen\u00fcber der Presse genie\u00dfen. Die Richter kommen zu dem Ergebnis, dass \u00fcber einen Minderj\u00e4hrigen auch dann nicht identifizierend berichtet werden darf, wenn der Sachverhalt von allgemeinem Interesse ist (EGMR: Az.: 27306\/07; 1593\/06).\" \/>\n\t\t<meta property=\"og:url\" content=\"http:\/\/rechtsportlich.net\/?p=1250\" \/>\n\t\t<meta property=\"fb:admins\" content=\"189806667707056\" \/>\n\t\t<meta property=\"og:image\" content=\"http:\/\/rechtsportlich.net\/wp-content\/uploads\/2014\/02\/rs.jpg\" \/>\n\t\t<meta property=\"og:image:width\" content=\"200\" \/>\n\t\t<meta property=\"og:image:height\" content=\"200\" \/>\n\t\t<meta name=\"twitter:card\" content=\"summary\" \/>\n\t\t<meta name=\"twitter:title\" content=\"\u00dcber Minderj\u00e4hrige darf nicht einfach so berichtet werden | rechtsportlich\" \/>\n\t\t<meta name=\"twitter:description\" content=\"Diese Woche hat der EGMR (Europ\u00e4ischer Gerichtshof f\u00fcr Menschenrechte) dar\u00fcber entschieden, wann \u00fcber Minderj\u00e4hrige - die keine Personen des \u00f6ffentlichen Lebens sind - berichtet werden darf und wann solche Personen besondere Schutz gegen\u00fcber der Presse genie\u00dfen. Die Richter kommen zu dem Ergebnis, dass \u00fcber einen Minderj\u00e4hrigen auch dann nicht identifizierend berichtet werden darf, wenn der Sachverhalt von allgemeinem Interesse ist (EGMR: Az.: 27306\/07; 1593\/06).\" \/>\n\t\t<meta name=\"twitter:image\" content=\"http:\/\/rechtsportlich.net\/wp-content\/uploads\/2014\/02\/rs.jpg\" \/>\n\t\t<script type=\"application\/ld+json\" class=\"aioseo-schema\">\n\t\t\t{\"@context\":\"https:\\\/\\\/schema.org\",\"@graph\":[{\"@type\":\"Article\",\"@id\":\"http:\\\/\\\/rechtsportlich.net\\\/?p=1250#article\",\"name\":\"\\u00dcber Minderj\\u00e4hrige darf nicht einfach so berichtet werden | rechtsportlich\",\"headline\":\"\\u00dcber Minderj\\u00e4hrige darf nicht einfach so berichtet werden\",\"author\":{\"@id\":\"http:\\\/\\\/rechtsportlich.net\\\/?author=2#author\"},\"publisher\":{\"@id\":\"http:\\\/\\\/rechtsportlich.net\\\/#organization\"},\"datePublished\":\"2012-06-21T09:45:46+02:00\",\"dateModified\":\"2012-06-21T09:49:51+02:00\",\"inLanguage\":\"de-DE\",\"mainEntityOfPage\":{\"@id\":\"http:\\\/\\\/rechtsportlich.net\\\/?p=1250#webpage\"},\"isPartOf\":{\"@id\":\"http:\\\/\\\/rechtsportlich.net\\\/?p=1250#webpage\"},\"articleSection\":\"Pers\\u00f6nlichkeitsrecht, Berichterstattung, Medien, Minderj\\u00e4hrige\"},{\"@type\":\"BreadcrumbList\",\"@id\":\"http:\\\/\\\/rechtsportlich.net\\\/?p=1250#breadcrumblist\",\"itemListElement\":[{\"@type\":\"ListItem\",\"@id\":\"http:\\\/\\\/rechtsportlich.net#listItem\",\"position\":1,\"name\":\"Home\",\"item\":\"http:\\\/\\\/rechtsportlich.net\",\"nextItem\":{\"@type\":\"ListItem\",\"@id\":\"http:\\\/\\\/rechtsportlich.net\\\/?cat=16#listItem\",\"name\":\"Pers\\u00f6nlichkeitsrecht\"}},{\"@type\":\"ListItem\",\"@id\":\"http:\\\/\\\/rechtsportlich.net\\\/?cat=16#listItem\",\"position\":2,\"name\":\"Pers\\u00f6nlichkeitsrecht\",\"item\":\"http:\\\/\\\/rechtsportlich.net\\\/?cat=16\",\"nextItem\":{\"@type\":\"ListItem\",\"@id\":\"http:\\\/\\\/rechtsportlich.net\\\/?p=1250#listItem\",\"name\":\"\\u00dcber Minderj\\u00e4hrige darf nicht einfach so berichtet werden\"},\"previousItem\":{\"@type\":\"ListItem\",\"@id\":\"http:\\\/\\\/rechtsportlich.net#listItem\",\"name\":\"Home\"}},{\"@type\":\"ListItem\",\"@id\":\"http:\\\/\\\/rechtsportlich.net\\\/?p=1250#listItem\",\"position\":3,\"name\":\"\\u00dcber Minderj\\u00e4hrige darf nicht einfach so berichtet werden\",\"previousItem\":{\"@type\":\"ListItem\",\"@id\":\"http:\\\/\\\/rechtsportlich.net\\\/?cat=16#listItem\",\"name\":\"Pers\\u00f6nlichkeitsrecht\"}}]},{\"@type\":\"Organization\",\"@id\":\"http:\\\/\\\/rechtsportlich.net\\\/#organization\",\"name\":\"rechtsportlich\",\"description\":\"Der Fachblog in Sachen Sport- und Entertainmentrecht\",\"url\":\"http:\\\/\\\/rechtsportlich.net\\\/\"},{\"@type\":\"Person\",\"@id\":\"http:\\\/\\\/rechtsportlich.net\\\/?author=2#author\",\"url\":\"http:\\\/\\\/rechtsportlich.net\\\/?author=2\",\"name\":\"Prof. Dr. Ralf Kitzberger, LL.M.\",\"image\":{\"@type\":\"ImageObject\",\"@id\":\"http:\\\/\\\/rechtsportlich.net\\\/?p=1250#authorImage\",\"url\":\"http:\\\/\\\/2.gravatar.com\\\/avatar\\\/e68875547354524894b754661984909d?s=96&d=mm&r=g\",\"width\":96,\"height\":96,\"caption\":\"Prof. Dr. Ralf Kitzberger, LL.M.\"}},{\"@type\":\"WebPage\",\"@id\":\"http:\\\/\\\/rechtsportlich.net\\\/?p=1250#webpage\",\"url\":\"http:\\\/\\\/rechtsportlich.net\\\/?p=1250\",\"name\":\"\\u00dcber Minderj\\u00e4hrige darf nicht einfach so berichtet werden | rechtsportlich\",\"description\":\"Diese Woche hat der EGMR (Europ\\u00e4ischer Gerichtshof f\\u00fcr Menschenrechte) dar\\u00fcber entschieden, wann \\u00fcber Minderj\\u00e4hrige - die keine Personen des \\u00f6ffentlichen Lebens sind - berichtet werden darf und wann solche Personen besondere Schutz gegen\\u00fcber der Presse genie\\u00dfen. Die Richter kommen zu dem Ergebnis, dass \\u00fcber einen Minderj\\u00e4hrigen auch dann nicht identifizierend berichtet werden darf, wenn der Sachverhalt von allgemeinem Interesse ist (EGMR: Az.: 27306\\\/07; 1593\\\/06).\",\"inLanguage\":\"de-DE\",\"isPartOf\":{\"@id\":\"http:\\\/\\\/rechtsportlich.net\\\/#website\"},\"breadcrumb\":{\"@id\":\"http:\\\/\\\/rechtsportlich.net\\\/?p=1250#breadcrumblist\"},\"author\":{\"@id\":\"http:\\\/\\\/rechtsportlich.net\\\/?author=2#author\"},\"creator\":{\"@id\":\"http:\\\/\\\/rechtsportlich.net\\\/?author=2#author\"},\"datePublished\":\"2012-06-21T09:45:46+02:00\",\"dateModified\":\"2012-06-21T09:49:51+02:00\"},{\"@type\":\"WebSite\",\"@id\":\"http:\\\/\\\/rechtsportlich.net\\\/#website\",\"url\":\"http:\\\/\\\/rechtsportlich.net\\\/\",\"name\":\"rechtsportlich\",\"description\":\"Der Fachblog in Sachen Sport- und Entertainmentrecht\",\"inLanguage\":\"de-DE\",\"publisher\":{\"@id\":\"http:\\\/\\\/rechtsportlich.net\\\/#organization\"}}]}\n\t\t<\/script>\n\t\t<!-- All in One SEO -->\n\n","aioseo_head_json":{"title":"\u00dcber Minderj\u00e4hrige darf nicht einfach so berichtet werden | rechtsportlich","description":"Diese Woche hat der EGMR (Europ\u00e4ischer Gerichtshof f\u00fcr Menschenrechte) dar\u00fcber entschieden, wann \u00fcber Minderj\u00e4hrige - die keine Personen des \u00f6ffentlichen Lebens sind - berichtet werden darf und wann solche Personen besondere Schutz gegen\u00fcber der Presse genie\u00dfen. Die Richter kommen zu dem Ergebnis, dass \u00fcber einen Minderj\u00e4hrigen auch dann nicht identifizierend berichtet werden darf, wenn der Sachverhalt von allgemeinem Interesse ist (EGMR: Az.: 27306\/07; 1593\/06).","canonical_url":"http:\/\/rechtsportlich.net\/?p=1250","robots":"max-image-preview:large","keywords":"minderj\u00e4hrige,berichterstattung,medien,berichterstattung,medien,minderj\u00e4hrige","webmasterTools":{"miscellaneous":""},"schema":{"@context":"https:\/\/schema.org","@graph":[{"@type":"Article","@id":"http:\/\/rechtsportlich.net\/?p=1250#article","name":"\u00dcber Minderj\u00e4hrige darf nicht einfach so berichtet werden | rechtsportlich","headline":"\u00dcber Minderj\u00e4hrige darf nicht einfach so berichtet werden","author":{"@id":"http:\/\/rechtsportlich.net\/?author=2#author"},"publisher":{"@id":"http:\/\/rechtsportlich.net\/#organization"},"datePublished":"2012-06-21T09:45:46+02:00","dateModified":"2012-06-21T09:49:51+02:00","inLanguage":"de-DE","mainEntityOfPage":{"@id":"http:\/\/rechtsportlich.net\/?p=1250#webpage"},"isPartOf":{"@id":"http:\/\/rechtsportlich.net\/?p=1250#webpage"},"articleSection":"Pers\u00f6nlichkeitsrecht, Berichterstattung, Medien, Minderj\u00e4hrige"},{"@type":"BreadcrumbList","@id":"http:\/\/rechtsportlich.net\/?p=1250#breadcrumblist","itemListElement":[{"@type":"ListItem","@id":"http:\/\/rechtsportlich.net#listItem","position":1,"name":"Home","item":"http:\/\/rechtsportlich.net","nextItem":{"@type":"ListItem","@id":"http:\/\/rechtsportlich.net\/?cat=16#listItem","name":"Pers\u00f6nlichkeitsrecht"}},{"@type":"ListItem","@id":"http:\/\/rechtsportlich.net\/?cat=16#listItem","position":2,"name":"Pers\u00f6nlichkeitsrecht","item":"http:\/\/rechtsportlich.net\/?cat=16","nextItem":{"@type":"ListItem","@id":"http:\/\/rechtsportlich.net\/?p=1250#listItem","name":"\u00dcber Minderj\u00e4hrige darf nicht einfach so berichtet werden"},"previousItem":{"@type":"ListItem","@id":"http:\/\/rechtsportlich.net#listItem","name":"Home"}},{"@type":"ListItem","@id":"http:\/\/rechtsportlich.net\/?p=1250#listItem","position":3,"name":"\u00dcber Minderj\u00e4hrige darf nicht einfach so berichtet werden","previousItem":{"@type":"ListItem","@id":"http:\/\/rechtsportlich.net\/?cat=16#listItem","name":"Pers\u00f6nlichkeitsrecht"}}]},{"@type":"Organization","@id":"http:\/\/rechtsportlich.net\/#organization","name":"rechtsportlich","description":"Der Fachblog in Sachen Sport- und Entertainmentrecht","url":"http:\/\/rechtsportlich.net\/"},{"@type":"Person","@id":"http:\/\/rechtsportlich.net\/?author=2#author","url":"http:\/\/rechtsportlich.net\/?author=2","name":"Prof. Dr. Ralf Kitzberger, LL.M.","image":{"@type":"ImageObject","@id":"http:\/\/rechtsportlich.net\/?p=1250#authorImage","url":"http:\/\/2.gravatar.com\/avatar\/e68875547354524894b754661984909d?s=96&d=mm&r=g","width":96,"height":96,"caption":"Prof. Dr. Ralf Kitzberger, LL.M."}},{"@type":"WebPage","@id":"http:\/\/rechtsportlich.net\/?p=1250#webpage","url":"http:\/\/rechtsportlich.net\/?p=1250","name":"\u00dcber Minderj\u00e4hrige darf nicht einfach so berichtet werden | rechtsportlich","description":"Diese Woche hat der EGMR (Europ\u00e4ischer Gerichtshof f\u00fcr Menschenrechte) dar\u00fcber entschieden, wann \u00fcber Minderj\u00e4hrige - die keine Personen des \u00f6ffentlichen Lebens sind - berichtet werden darf und wann solche Personen besondere Schutz gegen\u00fcber der Presse genie\u00dfen. Die Richter kommen zu dem Ergebnis, dass \u00fcber einen Minderj\u00e4hrigen auch dann nicht identifizierend berichtet werden darf, wenn der Sachverhalt von allgemeinem Interesse ist (EGMR: Az.: 27306\/07; 1593\/06).","inLanguage":"de-DE","isPartOf":{"@id":"http:\/\/rechtsportlich.net\/#website"},"breadcrumb":{"@id":"http:\/\/rechtsportlich.net\/?p=1250#breadcrumblist"},"author":{"@id":"http:\/\/rechtsportlich.net\/?author=2#author"},"creator":{"@id":"http:\/\/rechtsportlich.net\/?author=2#author"},"datePublished":"2012-06-21T09:45:46+02:00","dateModified":"2012-06-21T09:49:51+02:00"},{"@type":"WebSite","@id":"http:\/\/rechtsportlich.net\/#website","url":"http:\/\/rechtsportlich.net\/","name":"rechtsportlich","description":"Der Fachblog in Sachen Sport- und Entertainmentrecht","inLanguage":"de-DE","publisher":{"@id":"http:\/\/rechtsportlich.net\/#organization"}}]},"og:locale":"de_DE","og:site_name":"rechtsportlich.net","og:type":"blog","og:title":"\u00dcber Minderj\u00e4hrige darf nicht einfach so berichtet werden | rechtsportlich","og:description":"Diese Woche hat der EGMR (Europ\u00e4ischer Gerichtshof f\u00fcr Menschenrechte) dar\u00fcber entschieden, wann \u00fcber Minderj\u00e4hrige - die keine Personen des \u00f6ffentlichen Lebens sind - berichtet werden darf und wann solche Personen besondere Schutz gegen\u00fcber der Presse genie\u00dfen. Die Richter kommen zu dem Ergebnis, dass \u00fcber einen Minderj\u00e4hrigen auch dann nicht identifizierend berichtet werden darf, wenn der Sachverhalt von allgemeinem Interesse ist (EGMR: Az.: 27306\/07; 1593\/06).","og:url":"http:\/\/rechtsportlich.net\/?p=1250","fb:admins":"189806667707056","og:image":"http:\/\/rechtsportlich.net\/wp-content\/uploads\/2014\/02\/rs.jpg","og:image:width":200,"og:image:height":200,"twitter:card":"summary","twitter:title":"\u00dcber Minderj\u00e4hrige darf nicht einfach so berichtet werden | rechtsportlich","twitter:description":"Diese Woche hat der EGMR (Europ\u00e4ischer Gerichtshof f\u00fcr Menschenrechte) dar\u00fcber entschieden, wann \u00fcber Minderj\u00e4hrige - die keine Personen des \u00f6ffentlichen Lebens sind - berichtet werden darf und wann solche Personen besondere Schutz gegen\u00fcber der Presse genie\u00dfen. Die Richter kommen zu dem Ergebnis, dass \u00fcber einen Minderj\u00e4hrigen auch dann nicht identifizierend berichtet werden darf, wenn der Sachverhalt von allgemeinem Interesse ist (EGMR: Az.: 27306\/07; 1593\/06).","twitter:image":"http:\/\/rechtsportlich.net\/wp-content\/uploads\/2014\/02\/rs.jpg"},"aioseo_meta_data":{"post_id":"1250","title":"\u00dcber Minderj\u00e4hrige darf nicht einfach so berichtet werden | #site_title","description":"Diese Woche hat der EGMR (Europ\u00e4ischer Gerichtshof f\u00fcr Menschenrechte) dar\u00fcber entschieden, wann \u00fcber Minderj\u00e4hrige - die keine Personen des \u00f6ffentlichen Lebens sind - berichtet werden darf und wann solche Personen besondere Schutz gegen\u00fcber der Presse genie\u00dfen. Die Richter kommen zu dem Ergebnis, dass \u00fcber einen Minderj\u00e4hrigen auch dann nicht identifizierend berichtet werden darf, wenn der Sachverhalt von allgemeinem Interesse ist (EGMR: Az.: 27306\/07; 1593\/06).","keywords":[{"label":"Minderj\u00e4hrige,Berichterstattung,Medien","value":"Minderj\u00e4hrige,Berichterstattung,Medien"}],"keyphrases":null,"primary_term":null,"canonical_url":null,"og_title":null,"og_description":null,"og_object_type":"default","og_image_type":"default","og_image_url":null,"og_image_width":null,"og_image_height":null,"og_image_custom_url":null,"og_image_custom_fields":null,"og_video":null,"og_custom_url":null,"og_article_section":null,"og_article_tags":null,"twitter_use_og":false,"twitter_card":"default","twitter_image_type":"default","twitter_image_url":null,"twitter_image_custom_url":null,"twitter_image_custom_fields":null,"twitter_title":null,"twitter_description":null,"schema":{"blockGraphs":[],"customGraphs":[],"default":{"data":{"Article":[],"Course":[],"Dataset":[],"FAQPage":[],"Movie":[],"Person":[],"Product":[],"ProductReview":[],"Car":[],"Recipe":[],"Service":[],"SoftwareApplication":[],"WebPage":[]},"graphName":"","isEnabled":true},"graphs":[],"defaultGraph":"","defaultPostTypeGraph":""},"schema_type":null,"schema_type_options":null,"pillar_content":false,"robots_default":true,"robots_noindex":false,"robots_noarchive":false,"robots_nosnippet":false,"robots_nofollow":false,"robots_noimageindex":false,"robots_noodp":false,"robots_notranslate":false,"robots_max_snippet":null,"robots_max_videopreview":null,"robots_max_imagepreview":"large","priority":null,"frequency":null,"local_seo":null,"breadcrumb_settings":null,"limit_modified_date":false,"ai":null,"created":"2020-12-20 20:59:38","updated":"2022-09-13 22:06:55","seo_analyzer_scan_date":null,"focus_keyword":null,"additional_keywords":null,"truseo_locale":null},"aioseo_breadcrumb":"<div class=\"aioseo-breadcrumbs\"><span class=\"aioseo-breadcrumb\">\n\t\t\t<a href=\"http:\/\/rechtsportlich.net\" title=\"Home\">Home<\/a>\n\t\t<\/span><span class=\"aioseo-breadcrumb-separator\">&raquo;<\/span><span class=\"aioseo-breadcrumb\">\n\t\t\t<a href=\"http:\/\/rechtsportlich.net\/?cat=16\" title=\"Pers\u00f6nlichkeitsrecht\">Pers\u00f6nlichkeitsrecht<\/a>\n\t\t<\/span><span class=\"aioseo-breadcrumb-separator\">&raquo;<\/span><span class=\"aioseo-breadcrumb\">\n\t\t\t\u00dcber Minderj\u00e4hrige darf nicht einfach so berichtet werden\n\t\t<\/span><\/div>","aioseo_breadcrumb_json":[{"label":"Home","link":"http:\/\/rechtsportlich.net"},{"label":"Pers\u00f6nlichkeitsrecht","link":"http:\/\/rechtsportlich.net\/?cat=16"},{"label":"\u00dcber Minderj\u00e4hrige darf nicht einfach so berichtet werden","link":"http:\/\/rechtsportlich.net\/?p=1250"}],"_links":{"self":[{"href":"http:\/\/rechtsportlich.net\/index.php?rest_route=\/wp\/v2\/posts\/1250"}],"collection":[{"href":"http:\/\/rechtsportlich.net\/index.php?rest_route=\/wp\/v2\/posts"}],"about":[{"href":"http:\/\/rechtsportlich.net\/index.php?rest_route=\/wp\/v2\/types\/post"}],"author":[{"embeddable":true,"href":"http:\/\/rechtsportlich.net\/index.php?rest_route=\/wp\/v2\/users\/2"}],"replies":[{"embeddable":true,"href":"http:\/\/rechtsportlich.net\/index.php?rest_route=%2Fwp%2Fv2%2Fcomments&post=1250"}],"version-history":[{"count":7,"href":"http:\/\/rechtsportlich.net\/index.php?rest_route=\/wp\/v2\/posts\/1250\/revisions"}],"predecessor-version":[{"id":1257,"href":"http:\/\/rechtsportlich.net\/index.php?rest_route=\/wp\/v2\/posts\/1250\/revisions\/1257"}],"wp:attachment":[{"href":"http:\/\/rechtsportlich.net\/index.php?rest_route=%2Fwp%2Fv2%2Fmedia&parent=1250"}],"wp:term":[{"taxonomy":"category","embeddable":true,"href":"http:\/\/rechtsportlich.net\/index.php?rest_route=%2Fwp%2Fv2%2Fcategories&post=1250"},{"taxonomy":"post_tag","embeddable":true,"href":"http:\/\/rechtsportlich.net\/index.php?rest_route=%2Fwp%2Fv2%2Ftags&post=1250"}],"curies":[{"name":"wp","href":"https:\/\/api.w.org\/{rel}","templated":true}]}}