{"id":1826,"date":"2013-08-23T13:40:19","date_gmt":"2013-08-23T13:40:19","guid":{"rendered":"http:\/\/rechtsportlich.net\/?p=1826"},"modified":"2013-08-23T13:48:17","modified_gmt":"2013-08-23T13:48:17","slug":"trailer-zu-fussballkomoedie-erste-liga","status":"publish","type":"post","link":"http:\/\/rechtsportlich.net\/?p=1826","title":{"rendered":"Trailer zu Fu\u00dfballkom\u00f6die &#8222;Erste Liga&#8220;"},"content":{"rendered":"<p style=\"text-align: justify;\">Unser Partner Christoph Schickhardt gratuliert den Filmemachern der <a href=\"http:\/\/www.filmakademie.de\/\" target=\"_blank\">Ludwigsburger Filmakademie<\/a> zu ihrer deutschen Fu\u00dfballkom\u00f6die \u201eERSTE LIGA\u201c und ist stolz, dass er das junge Team bei ihrem erfolgreichen Projekt unterst\u00fctzen durfte:<\/p>\n<blockquote>\n<p style=\"text-align: justify;\">&#8222;Lieber Nicolas Palme, liebes Team der \u201eERSTEN LIGA\u201c, Ihnen ist mit geringsten Mitteln eine gro\u00dfartige Fu\u00dfballkom\u00f6die als Kurzfilm \u00fcber die Welt des \u201eharten Fu\u00dfballgesch\u00e4fts\u201c gelungen. Das Rechtsportlich-Team und ich w\u00fcnschen Ihnen f\u00fcr alle Ihre\u00a0Vorhaben und Ihren beruflichen Lebensweg alles Gute und weiterhin einen solchen Erfolg!&#8220;<\/p>\n<\/blockquote>\n<p><iframe loading=\"lazy\" src=\"\/\/www.youtube.com\/embed\/ZD-4fF-qjA0\" height=\"315\" width=\"560\" allowfullscreen=\"\" frameborder=\"0\"><\/iframe><\/p>\n","protected":false},"excerpt":{"rendered":"<p>Unser Partner Christoph Schickhardt gratuliert den Filmemachern der Ludwigsburger Filmakademie zu ihrer deutschen Fu\u00dfballkom\u00f6die \u201eERSTE LIGA\u201c und ist stolz, dass er das junge Team bei ihrem erfolgreichen Projekt unterst\u00fctzen durfte: &#8222;Lieber Nicolas Palme, liebes Team der \u201eERSTEN LIGA\u201c, Ihnen ist mit geringsten Mitteln eine gro\u00dfartige Fu\u00dfballkom\u00f6die als Kurzfilm \u00fcber die Welt des \u201eharten Fu\u00dfballgesch\u00e4fts\u201c gelungen. &hellip; <\/p>\n<p class=\"link-more\"><a href=\"http:\/\/rechtsportlich.net\/?p=1826\" class=\"more-link\"><span class=\"screen-reader-text\">\u201eTrailer zu Fu\u00dfballkom\u00f6die &#8222;Erste Liga&#8220;\u201c<\/span> weiterlesen<\/a><\/p>\n","protected":false},"author":2,"featured_media":0,"comment_status":"open","ping_status":"open","sticky":false,"template":"","format":"standard","meta":[],"categories":[1],"tags":[560,713,64,711,714,712],"aioseo_notices":[],"aioseo_head":"\n\t\t<!-- All in One SEO 5.0.1.1 - aioseo.com -->\n\t<meta name=\"description\" content=\"Christoph Schickhardt gratuliert den Filmemachern der Ludwigsburger Filmakademie zu ihrer deutschen Fu\u00dfballkom\u00f6die \u201eERSTE LIGA\u201c und ist stolz, dass er das junge Team bei ihrem erfolgreichen Projekt unterst\u00fctzen durfte.\" \/>\n\t<meta name=\"robots\" content=\"max-image-preview:large\" \/>\n\t<meta name=\"author\" content=\"Prof. Dr. Ralf Kitzberger, LL.M.\"\/>\n\t<meta name=\"keywords\" content=\"fu\u00dfball,kom\u00f6die,trailer,erste liga,christoph schickhardt,nicolas palme,fussball\" \/>\n\t<link rel=\"canonical\" href=\"http:\/\/rechtsportlich.net\/?p=1826\" \/>\n\t<meta name=\"generator\" content=\"All in One SEO (AIOSEO) 5.0.1.1\" \/>\n\t\t<meta property=\"og:locale\" content=\"de_DE\" \/>\n\t\t<meta property=\"og:site_name\" content=\"rechtsportlich.net\" \/>\n\t\t<meta property=\"og:type\" content=\"blog\" \/>\n\t\t<meta property=\"og:title\" content=\"Trailer zu Fu\u00dfballkom\u00f6die &quot;ERSTE LIGA&quot; | rechtsportlich\" \/>\n\t\t<meta property=\"og:description\" content=\"Christoph Schickhardt gratuliert den Filmemachern der Ludwigsburger Filmakademie zu ihrer deutschen Fu\u00dfballkom\u00f6die \u201eERSTE LIGA\u201c und ist stolz, dass er das junge Team bei ihrem erfolgreichen Projekt unterst\u00fctzen durfte.\" \/>\n\t\t<meta property=\"og:url\" content=\"http:\/\/rechtsportlich.net\/?p=1826\" \/>\n\t\t<meta property=\"fb:admins\" content=\"189806667707056\" \/>\n\t\t<meta property=\"og:image\" content=\"http:\/\/rechtsportlich.net\/wp-content\/uploads\/2014\/02\/rs.jpg\" \/>\n\t\t<meta property=\"og:image:width\" content=\"200\" \/>\n\t\t<meta property=\"og:image:height\" content=\"200\" \/>\n\t\t<meta name=\"twitter:card\" content=\"summary\" \/>\n\t\t<meta name=\"twitter:title\" content=\"Trailer zu Fu\u00dfballkom\u00f6die &quot;ERSTE LIGA&quot; | rechtsportlich\" \/>\n\t\t<meta name=\"twitter:description\" content=\"Christoph Schickhardt gratuliert den Filmemachern der Ludwigsburger Filmakademie zu ihrer deutschen Fu\u00dfballkom\u00f6die \u201eERSTE LIGA\u201c und ist stolz, dass er das junge Team bei ihrem erfolgreichen Projekt unterst\u00fctzen durfte.\" \/>\n\t\t<meta name=\"twitter:image\" content=\"http:\/\/rechtsportlich.net\/wp-content\/uploads\/2014\/02\/rs.jpg\" \/>\n\t\t<script type=\"application\/ld+json\" class=\"aioseo-schema\">\n\t\t\t{\"@context\":\"https:\\\/\\\/schema.org\",\"@graph\":[{\"@type\":\"Article\",\"@id\":\"http:\\\/\\\/rechtsportlich.net\\\/?p=1826#article\",\"name\":\"Trailer zu Fu\\u00dfballkom\\u00f6die \\\"ERSTE LIGA\\\" | rechtsportlich\",\"headline\":\"Trailer zu Fu\\u00dfballkom\\u00f6die &#8222;Erste Liga&#8220;\",\"author\":{\"@id\":\"http:\\\/\\\/rechtsportlich.net\\\/?author=2#author\"},\"publisher\":{\"@id\":\"http:\\\/\\\/rechtsportlich.net\\\/#organization\"},\"datePublished\":\"2013-08-23T13:40:19+02:00\",\"dateModified\":\"2013-08-23T13:48:17+02:00\",\"inLanguage\":\"de-DE\",\"mainEntityOfPage\":{\"@id\":\"http:\\\/\\\/rechtsportlich.net\\\/?p=1826#webpage\"},\"isPartOf\":{\"@id\":\"http:\\\/\\\/rechtsportlich.net\\\/?p=1826#webpage\"},\"articleSection\":\"Allgemein, Christoph Schickhardt, Erste Liga, Fussball, Kom\\u00f6die, Nicolas Palme, Trailer\"},{\"@type\":\"BreadcrumbList\",\"@id\":\"http:\\\/\\\/rechtsportlich.net\\\/?p=1826#breadcrumblist\",\"itemListElement\":[{\"@type\":\"ListItem\",\"@id\":\"http:\\\/\\\/rechtsportlich.net#listItem\",\"position\":1,\"name\":\"Home\",\"item\":\"http:\\\/\\\/rechtsportlich.net\",\"nextItem\":{\"@type\":\"ListItem\",\"@id\":\"http:\\\/\\\/rechtsportlich.net\\\/?cat=1#listItem\",\"name\":\"Allgemein\"}},{\"@type\":\"ListItem\",\"@id\":\"http:\\\/\\\/rechtsportlich.net\\\/?cat=1#listItem\",\"position\":2,\"name\":\"Allgemein\",\"item\":\"http:\\\/\\\/rechtsportlich.net\\\/?cat=1\",\"nextItem\":{\"@type\":\"ListItem\",\"@id\":\"http:\\\/\\\/rechtsportlich.net\\\/?p=1826#listItem\",\"name\":\"Trailer zu Fu\\u00dfballkom\\u00f6die &#8222;Erste Liga&#8220;\"},\"previousItem\":{\"@type\":\"ListItem\",\"@id\":\"http:\\\/\\\/rechtsportlich.net#listItem\",\"name\":\"Home\"}},{\"@type\":\"ListItem\",\"@id\":\"http:\\\/\\\/rechtsportlich.net\\\/?p=1826#listItem\",\"position\":3,\"name\":\"Trailer zu Fu\\u00dfballkom\\u00f6die &#8222;Erste Liga&#8220;\",\"previousItem\":{\"@type\":\"ListItem\",\"@id\":\"http:\\\/\\\/rechtsportlich.net\\\/?cat=1#listItem\",\"name\":\"Allgemein\"}}]},{\"@type\":\"Organization\",\"@id\":\"http:\\\/\\\/rechtsportlich.net\\\/#organization\",\"name\":\"rechtsportlich\",\"description\":\"Der Fachblog in Sachen Sport- und Entertainmentrecht\",\"url\":\"http:\\\/\\\/rechtsportlich.net\\\/\"},{\"@type\":\"Person\",\"@id\":\"http:\\\/\\\/rechtsportlich.net\\\/?author=2#author\",\"url\":\"http:\\\/\\\/rechtsportlich.net\\\/?author=2\",\"name\":\"Prof. Dr. Ralf Kitzberger, LL.M.\",\"image\":{\"@type\":\"ImageObject\",\"@id\":\"http:\\\/\\\/rechtsportlich.net\\\/?p=1826#authorImage\",\"url\":\"http:\\\/\\\/2.gravatar.com\\\/avatar\\\/e68875547354524894b754661984909d?s=96&d=mm&r=g\",\"width\":96,\"height\":96,\"caption\":\"Prof. Dr. Ralf Kitzberger, LL.M.\"}},{\"@type\":\"WebPage\",\"@id\":\"http:\\\/\\\/rechtsportlich.net\\\/?p=1826#webpage\",\"url\":\"http:\\\/\\\/rechtsportlich.net\\\/?p=1826\",\"name\":\"Trailer zu Fu\\u00dfballkom\\u00f6die \\\"ERSTE LIGA\\\" | rechtsportlich\",\"description\":\"Christoph Schickhardt gratuliert den Filmemachern der Ludwigsburger Filmakademie zu ihrer deutschen Fu\\u00dfballkom\\u00f6die \\u201eERSTE LIGA\\u201c und ist stolz, dass er das junge Team bei ihrem erfolgreichen Projekt unterst\\u00fctzen durfte.\",\"inLanguage\":\"de-DE\",\"isPartOf\":{\"@id\":\"http:\\\/\\\/rechtsportlich.net\\\/#website\"},\"breadcrumb\":{\"@id\":\"http:\\\/\\\/rechtsportlich.net\\\/?p=1826#breadcrumblist\"},\"author\":{\"@id\":\"http:\\\/\\\/rechtsportlich.net\\\/?author=2#author\"},\"creator\":{\"@id\":\"http:\\\/\\\/rechtsportlich.net\\\/?author=2#author\"},\"datePublished\":\"2013-08-23T13:40:19+02:00\",\"dateModified\":\"2013-08-23T13:48:17+02:00\"},{\"@type\":\"WebSite\",\"@id\":\"http:\\\/\\\/rechtsportlich.net\\\/#website\",\"url\":\"http:\\\/\\\/rechtsportlich.net\\\/\",\"name\":\"rechtsportlich\",\"description\":\"Der Fachblog in Sachen Sport- und Entertainmentrecht\",\"inLanguage\":\"de-DE\",\"publisher\":{\"@id\":\"http:\\\/\\\/rechtsportlich.net\\\/#organization\"}}]}\n\t\t<\/script>\n\t\t<!-- All in One SEO -->\n\n","aioseo_head_json":{"title":"Trailer zu Fu\u00dfballkom\u00f6die \"ERSTE LIGA\" | rechtsportlich","description":"Christoph Schickhardt gratuliert den Filmemachern der Ludwigsburger Filmakademie zu ihrer deutschen Fu\u00dfballkom\u00f6die \u201eERSTE LIGA\u201c und ist stolz, dass er das junge Team bei ihrem erfolgreichen Projekt unterst\u00fctzen durfte.","canonical_url":"http:\/\/rechtsportlich.net\/?p=1826","robots":"max-image-preview:large","keywords":"fu\u00dfball,kom\u00f6die,trailer,erste liga,christoph schickhardt,nicolas palme,fussball","webmasterTools":{"miscellaneous":""},"schema":{"@context":"https:\/\/schema.org","@graph":[{"@type":"Article","@id":"http:\/\/rechtsportlich.net\/?p=1826#article","name":"Trailer zu Fu\u00dfballkom\u00f6die \"ERSTE LIGA\" | rechtsportlich","headline":"Trailer zu Fu\u00dfballkom\u00f6die &#8222;Erste Liga&#8220;","author":{"@id":"http:\/\/rechtsportlich.net\/?author=2#author"},"publisher":{"@id":"http:\/\/rechtsportlich.net\/#organization"},"datePublished":"2013-08-23T13:40:19+02:00","dateModified":"2013-08-23T13:48:17+02:00","inLanguage":"de-DE","mainEntityOfPage":{"@id":"http:\/\/rechtsportlich.net\/?p=1826#webpage"},"isPartOf":{"@id":"http:\/\/rechtsportlich.net\/?p=1826#webpage"},"articleSection":"Allgemein, Christoph Schickhardt, Erste Liga, Fussball, Kom\u00f6die, Nicolas Palme, Trailer"},{"@type":"BreadcrumbList","@id":"http:\/\/rechtsportlich.net\/?p=1826#breadcrumblist","itemListElement":[{"@type":"ListItem","@id":"http:\/\/rechtsportlich.net#listItem","position":1,"name":"Home","item":"http:\/\/rechtsportlich.net","nextItem":{"@type":"ListItem","@id":"http:\/\/rechtsportlich.net\/?cat=1#listItem","name":"Allgemein"}},{"@type":"ListItem","@id":"http:\/\/rechtsportlich.net\/?cat=1#listItem","position":2,"name":"Allgemein","item":"http:\/\/rechtsportlich.net\/?cat=1","nextItem":{"@type":"ListItem","@id":"http:\/\/rechtsportlich.net\/?p=1826#listItem","name":"Trailer zu Fu\u00dfballkom\u00f6die &#8222;Erste Liga&#8220;"},"previousItem":{"@type":"ListItem","@id":"http:\/\/rechtsportlich.net#listItem","name":"Home"}},{"@type":"ListItem","@id":"http:\/\/rechtsportlich.net\/?p=1826#listItem","position":3,"name":"Trailer zu Fu\u00dfballkom\u00f6die &#8222;Erste Liga&#8220;","previousItem":{"@type":"ListItem","@id":"http:\/\/rechtsportlich.net\/?cat=1#listItem","name":"Allgemein"}}]},{"@type":"Organization","@id":"http:\/\/rechtsportlich.net\/#organization","name":"rechtsportlich","description":"Der Fachblog in Sachen Sport- und Entertainmentrecht","url":"http:\/\/rechtsportlich.net\/"},{"@type":"Person","@id":"http:\/\/rechtsportlich.net\/?author=2#author","url":"http:\/\/rechtsportlich.net\/?author=2","name":"Prof. Dr. Ralf Kitzberger, LL.M.","image":{"@type":"ImageObject","@id":"http:\/\/rechtsportlich.net\/?p=1826#authorImage","url":"http:\/\/2.gravatar.com\/avatar\/e68875547354524894b754661984909d?s=96&d=mm&r=g","width":96,"height":96,"caption":"Prof. Dr. Ralf Kitzberger, LL.M."}},{"@type":"WebPage","@id":"http:\/\/rechtsportlich.net\/?p=1826#webpage","url":"http:\/\/rechtsportlich.net\/?p=1826","name":"Trailer zu Fu\u00dfballkom\u00f6die \"ERSTE LIGA\" | rechtsportlich","description":"Christoph Schickhardt gratuliert den Filmemachern der Ludwigsburger Filmakademie zu ihrer deutschen Fu\u00dfballkom\u00f6die \u201eERSTE LIGA\u201c und ist stolz, dass er das junge Team bei ihrem erfolgreichen Projekt unterst\u00fctzen durfte.","inLanguage":"de-DE","isPartOf":{"@id":"http:\/\/rechtsportlich.net\/#website"},"breadcrumb":{"@id":"http:\/\/rechtsportlich.net\/?p=1826#breadcrumblist"},"author":{"@id":"http:\/\/rechtsportlich.net\/?author=2#author"},"creator":{"@id":"http:\/\/rechtsportlich.net\/?author=2#author"},"datePublished":"2013-08-23T13:40:19+02:00","dateModified":"2013-08-23T13:48:17+02:00"},{"@type":"WebSite","@id":"http:\/\/rechtsportlich.net\/#website","url":"http:\/\/rechtsportlich.net\/","name":"rechtsportlich","description":"Der Fachblog in Sachen Sport- und Entertainmentrecht","inLanguage":"de-DE","publisher":{"@id":"http:\/\/rechtsportlich.net\/#organization"}}]},"og:locale":"de_DE","og:site_name":"rechtsportlich.net","og:type":"blog","og:title":"Trailer zu Fu\u00dfballkom\u00f6die &quot;ERSTE LIGA&quot; | rechtsportlich","og:description":"Christoph Schickhardt gratuliert den Filmemachern der Ludwigsburger Filmakademie zu ihrer deutschen Fu\u00dfballkom\u00f6die \u201eERSTE LIGA\u201c und ist stolz, dass er das junge Team bei ihrem erfolgreichen Projekt unterst\u00fctzen durfte.","og:url":"http:\/\/rechtsportlich.net\/?p=1826","fb:admins":"189806667707056","og:image":"http:\/\/rechtsportlich.net\/wp-content\/uploads\/2014\/02\/rs.jpg","og:image:width":200,"og:image:height":200,"twitter:card":"summary","twitter:title":"Trailer zu Fu\u00dfballkom\u00f6die &quot;ERSTE LIGA&quot; | rechtsportlich","twitter:description":"Christoph Schickhardt gratuliert den Filmemachern der Ludwigsburger Filmakademie zu ihrer deutschen Fu\u00dfballkom\u00f6die \u201eERSTE LIGA\u201c und ist stolz, dass er das junge Team bei ihrem erfolgreichen Projekt unterst\u00fctzen durfte.","twitter:image":"http:\/\/rechtsportlich.net\/wp-content\/uploads\/2014\/02\/rs.jpg"},"aioseo_meta_data":{"post_id":"1826","title":"Trailer zu Fu\u00dfballkom\u00f6die &quot;ERSTE LIGA&quot; | #site_title","description":"Christoph Schickhardt gratuliert den Filmemachern der Ludwigsburger Filmakademie zu ihrer deutschen Fu\u00dfballkom\u00f6die \u201eERSTE LIGA\u201c und ist stolz, dass er das junge Team bei ihrem erfolgreichen Projekt unterst\u00fctzen durfte.","keywords":[{"label":"Fu\u00dfball","value":"Fu\u00dfball"},{"label":"Kom\u00f6die","value":"Kom\u00f6die"},{"label":"Trailer","value":"Trailer"},{"label":"Erste Liga","value":"Erste Liga"},{"label":"Christoph Schickhardt","value":"Christoph Schickhardt"},{"label":"Nicolas Palme","value":"Nicolas Palme"}],"keyphrases":null,"primary_term":null,"canonical_url":null,"og_title":null,"og_description":null,"og_object_type":"default","og_image_type":"default","og_image_url":null,"og_image_width":null,"og_image_height":null,"og_image_custom_url":null,"og_image_custom_fields":null,"og_video":null,"og_custom_url":null,"og_article_section":null,"og_article_tags":null,"twitter_use_og":false,"twitter_card":"default","twitter_image_type":"default","twitter_image_url":null,"twitter_image_custom_url":null,"twitter_image_custom_fields":null,"twitter_title":null,"twitter_description":null,"schema":{"blockGraphs":[],"customGraphs":[],"default":{"data":{"Article":[],"Course":[],"Dataset":[],"FAQPage":[],"Movie":[],"Person":[],"Product":[],"ProductReview":[],"Car":[],"Recipe":[],"Service":[],"SoftwareApplication":[],"WebPage":[]},"graphName":"","isEnabled":true},"graphs":[],"defaultGraph":"","defaultPostTypeGraph":""},"schema_type":null,"schema_type_options":null,"pillar_content":false,"robots_default":true,"robots_noindex":false,"robots_noarchive":false,"robots_nosnippet":false,"robots_nofollow":false,"robots_noimageindex":false,"robots_noodp":false,"robots_notranslate":false,"robots_max_snippet":null,"robots_max_videopreview":null,"robots_max_imagepreview":"large","priority":null,"frequency":null,"local_seo":null,"breadcrumb_settings":null,"limit_modified_date":false,"ai":null,"created":"2020-12-20 20:59:38","updated":"2022-09-13 22:21:11","seo_analyzer_scan_date":null,"focus_keyword":null,"additional_keywords":null,"truseo_locale":null},"aioseo_breadcrumb":"<div class=\"aioseo-breadcrumbs\"><span class=\"aioseo-breadcrumb\">\n\t\t\t<a href=\"http:\/\/rechtsportlich.net\" title=\"Home\">Home<\/a>\n\t\t<\/span><span class=\"aioseo-breadcrumb-separator\">&raquo;<\/span><span class=\"aioseo-breadcrumb\">\n\t\t\t<a href=\"http:\/\/rechtsportlich.net\/?cat=1\" title=\"Allgemein\">Allgemein<\/a>\n\t\t<\/span><span class=\"aioseo-breadcrumb-separator\">&raquo;<\/span><span class=\"aioseo-breadcrumb\">\n\t\t\tTrailer zu Fu\u00dfballkom\u00f6die \u201eErste Liga\u201c\n\t\t<\/span><\/div>","aioseo_breadcrumb_json":[{"label":"Home","link":"http:\/\/rechtsportlich.net"},{"label":"Allgemein","link":"http:\/\/rechtsportlich.net\/?cat=1"},{"label":"Trailer zu Fu\u00dfballkom\u00f6die &#8222;Erste Liga&#8220;","link":"http:\/\/rechtsportlich.net\/?p=1826"}],"_links":{"self":[{"href":"http:\/\/rechtsportlich.net\/index.php?rest_route=\/wp\/v2\/posts\/1826"}],"collection":[{"href":"http:\/\/rechtsportlich.net\/index.php?rest_route=\/wp\/v2\/posts"}],"about":[{"href":"http:\/\/rechtsportlich.net\/index.php?rest_route=\/wp\/v2\/types\/post"}],"author":[{"embeddable":true,"href":"http:\/\/rechtsportlich.net\/index.php?rest_route=\/wp\/v2\/users\/2"}],"replies":[{"embeddable":true,"href":"http:\/\/rechtsportlich.net\/index.php?rest_route=%2Fwp%2Fv2%2Fcomments&post=1826"}],"version-history":[{"count":8,"href":"http:\/\/rechtsportlich.net\/index.php?rest_route=\/wp\/v2\/posts\/1826\/revisions"}],"predecessor-version":[{"id":1834,"href":"http:\/\/rechtsportlich.net\/index.php?rest_route=\/wp\/v2\/posts\/1826\/revisions\/1834"}],"wp:attachment":[{"href":"http:\/\/rechtsportlich.net\/index.php?rest_route=%2Fwp%2Fv2%2Fmedia&parent=1826"}],"wp:term":[{"taxonomy":"category","embeddable":true,"href":"http:\/\/rechtsportlich.net\/index.php?rest_route=%2Fwp%2Fv2%2Fcategories&post=1826"},{"taxonomy":"post_tag","embeddable":true,"href":"http:\/\/rechtsportlich.net\/index.php?rest_route=%2Fwp%2Fv2%2Ftags&post=1826"}],"curies":[{"name":"wp","href":"https:\/\/api.w.org\/{rel}","templated":true}]}}