{"id":2858,"date":"2020-04-15T18:49:31","date_gmt":"2020-04-15T16:49:31","guid":{"rendered":"http:\/\/rechtsportlich.net\/?p=2858"},"modified":"2020-04-15T18:49:33","modified_gmt":"2020-04-15T16:49:33","slug":"wann-liegt-eine-grossveranstaltung-vor","status":"publish","type":"post","link":"http:\/\/rechtsportlich.net\/?p=2858","title":{"rendered":"Wann liegt eine Gro\u00dfveranstaltung vor?"},"content":{"rendered":"\n<p><strong>\u00a0<\/strong>Gro\u00dfveranstaltungen sollen bis zum 31. August grunds\u00e4tzlich untersagt werden<strong>.<\/strong> Die Ministerpr\u00e4sidenten der L\u00e4nder und  die Bundeskanzlerin Angela Merkel (CDU) haben sich heute hierauf verst\u00e4ndigt. F\u00fcr alle Veranstalter stellt sich nun die Frage wann liegt eine Gro\u00dfveranstaltung vor? Die Ausgestaltung dieses Verbotes, soll durch die Bundesl\u00e4nder erfolgen. Es wird daher spannend sein zu beobachten, wie die L\u00e4nder morgen oder in den n\u00e4chsten Tagen in ihren Verordnungen diesen Punkt umsetzten. Sollte eine Veranstaltung vom Verbot erfasst sein, empfiehlt es sich f\u00fcr den Veranstalter unverz\u00fcglich den Versicherer \u00fcber die Absage der Veranstaltung zu informieren. Den Veranstalter triff insoweit eine Obliegenheit. Informiert er den Versicherer nicht unverz\u00fcglich droht der Verlust des Versicherungsschutzes. Entgegen anders lautender Ger\u00fcchte ist es nicht so, dass es grunds\u00e4tzlich keinen Versicherungsschutz im Falle der Pandemie gibt. Dies ist in den Versicherungsbedingungen unterschiedlich geregelt. Ein Blick in diese lohnt sich daher in jedem Fall.<\/p>\n","protected":false},"excerpt":{"rendered":"<p>\u00a0Gro\u00dfveranstaltungen sollen bis zum 31. August grunds\u00e4tzlich untersagt werden. Die Ministerpr\u00e4sidenten der L\u00e4nder und die Bundeskanzlerin Angela Merkel (CDU) haben sich heute hierauf verst\u00e4ndigt. F\u00fcr alle Veranstalter stellt sich nun die Frage wann liegt eine Gro\u00dfveranstaltung vor? Die Ausgestaltung dieses Verbotes, soll durch die Bundesl\u00e4nder erfolgen. Es wird daher spannend sein zu beobachten, wie die &hellip; <\/p>\n<p class=\"link-more\"><a href=\"http:\/\/rechtsportlich.net\/?p=2858\" class=\"more-link\"><span class=\"screen-reader-text\">\u201eWann liegt eine Gro\u00dfveranstaltung vor?\u201c<\/span> weiterlesen<\/a><\/p>\n","protected":false},"author":2,"featured_media":0,"comment_status":"open","ping_status":"open","sticky":false,"template":"","format":"standard","meta":[],"categories":[1],"tags":[1054,1053,1064,1065,1063],"aioseo_notices":[],"aioseo_head":"\n\t\t<!-- All in One SEO 5.0.1.1 - aioseo.com -->\n\t<meta name=\"description\" content=\"Muss eine Veranstaltung wegen Corona abgesagt werden?\" \/>\n\t<meta name=\"robots\" content=\"max-image-preview:large\" \/>\n\t<meta name=\"author\" content=\"Prof. Dr. Ralf Kitzberger, LL.M.\"\/>\n\t<meta name=\"keywords\" content=\"gro\u00dfveranstaltung,corona,verodrnung,absage,versicherung,pandemie\" \/>\n\t<link rel=\"canonical\" href=\"http:\/\/rechtsportlich.net\/?p=2858\" \/>\n\t<meta name=\"generator\" content=\"All in One SEO (AIOSEO) 5.0.1.1\" \/>\n\t\t<meta property=\"og:locale\" content=\"de_DE\" \/>\n\t\t<meta property=\"og:site_name\" content=\"rechtsportlich.net\" \/>\n\t\t<meta property=\"og:type\" content=\"blog\" \/>\n\t\t<meta property=\"og:title\" content=\"Wann liegt eine Gro\u00dfveranstaltung vor? | rechtsportlich\" \/>\n\t\t<meta property=\"og:description\" content=\"Muss eine Veranstaltung wegen Corona abgesagt werden?\" \/>\n\t\t<meta property=\"og:url\" content=\"http:\/\/rechtsportlich.net\/?p=2858\" \/>\n\t\t<meta property=\"fb:admins\" content=\"189806667707056\" \/>\n\t\t<meta property=\"og:image\" content=\"http:\/\/rechtsportlich.net\/wp-content\/uploads\/2014\/02\/rs.jpg\" \/>\n\t\t<meta property=\"og:image:width\" content=\"200\" \/>\n\t\t<meta property=\"og:image:height\" content=\"200\" \/>\n\t\t<meta name=\"twitter:card\" content=\"summary_large_image\" \/>\n\t\t<meta name=\"twitter:title\" content=\"Wann liegt eine Gro\u00dfveranstaltung vor? | rechtsportlich\" \/>\n\t\t<meta name=\"twitter:description\" content=\"Muss eine Veranstaltung wegen Corona abgesagt werden?\" \/>\n\t\t<meta name=\"twitter:image\" content=\"http:\/\/rechtsportlich.net\/wp-content\/uploads\/2014\/02\/rs.jpg\" \/>\n\t\t<script type=\"application\/ld+json\" class=\"aioseo-schema\">\n\t\t\t{\"@context\":\"https:\\\/\\\/schema.org\",\"@graph\":[{\"@type\":\"Article\",\"@id\":\"http:\\\/\\\/rechtsportlich.net\\\/?p=2858#article\",\"name\":\"Wann liegt eine Gro\\u00dfveranstaltung vor? | rechtsportlich\",\"headline\":\"Wann liegt eine Gro\\u00dfveranstaltung vor?\",\"author\":{\"@id\":\"http:\\\/\\\/rechtsportlich.net\\\/?author=2#author\"},\"publisher\":{\"@id\":\"http:\\\/\\\/rechtsportlich.net\\\/#organization\"},\"datePublished\":\"2020-04-15T18:49:31+02:00\",\"dateModified\":\"2020-04-15T18:49:33+02:00\",\"inLanguage\":\"de-DE\",\"mainEntityOfPage\":{\"@id\":\"http:\\\/\\\/rechtsportlich.net\\\/?p=2858#webpage\"},\"isPartOf\":{\"@id\":\"http:\\\/\\\/rechtsportlich.net\\\/?p=2858#webpage\"},\"articleSection\":\"Allgemein, Absage, Corona, Gro\\u00dfveranstaltung, Verodrnung, Versicherung\"},{\"@type\":\"BreadcrumbList\",\"@id\":\"http:\\\/\\\/rechtsportlich.net\\\/?p=2858#breadcrumblist\",\"itemListElement\":[{\"@type\":\"ListItem\",\"@id\":\"http:\\\/\\\/rechtsportlich.net#listItem\",\"position\":1,\"name\":\"Home\",\"item\":\"http:\\\/\\\/rechtsportlich.net\",\"nextItem\":{\"@type\":\"ListItem\",\"@id\":\"http:\\\/\\\/rechtsportlich.net\\\/?cat=1#listItem\",\"name\":\"Allgemein\"}},{\"@type\":\"ListItem\",\"@id\":\"http:\\\/\\\/rechtsportlich.net\\\/?cat=1#listItem\",\"position\":2,\"name\":\"Allgemein\",\"item\":\"http:\\\/\\\/rechtsportlich.net\\\/?cat=1\",\"nextItem\":{\"@type\":\"ListItem\",\"@id\":\"http:\\\/\\\/rechtsportlich.net\\\/?p=2858#listItem\",\"name\":\"Wann liegt eine Gro\\u00dfveranstaltung vor?\"},\"previousItem\":{\"@type\":\"ListItem\",\"@id\":\"http:\\\/\\\/rechtsportlich.net#listItem\",\"name\":\"Home\"}},{\"@type\":\"ListItem\",\"@id\":\"http:\\\/\\\/rechtsportlich.net\\\/?p=2858#listItem\",\"position\":3,\"name\":\"Wann liegt eine Gro\\u00dfveranstaltung vor?\",\"previousItem\":{\"@type\":\"ListItem\",\"@id\":\"http:\\\/\\\/rechtsportlich.net\\\/?cat=1#listItem\",\"name\":\"Allgemein\"}}]},{\"@type\":\"Organization\",\"@id\":\"http:\\\/\\\/rechtsportlich.net\\\/#organization\",\"name\":\"rechtsportlich\",\"description\":\"Der Fachblog in Sachen Sport- und Entertainmentrecht\",\"url\":\"http:\\\/\\\/rechtsportlich.net\\\/\"},{\"@type\":\"Person\",\"@id\":\"http:\\\/\\\/rechtsportlich.net\\\/?author=2#author\",\"url\":\"http:\\\/\\\/rechtsportlich.net\\\/?author=2\",\"name\":\"Prof. Dr. Ralf Kitzberger, LL.M.\",\"image\":{\"@type\":\"ImageObject\",\"@id\":\"http:\\\/\\\/rechtsportlich.net\\\/?p=2858#authorImage\",\"url\":\"http:\\\/\\\/2.gravatar.com\\\/avatar\\\/e68875547354524894b754661984909d?s=96&d=mm&r=g\",\"width\":96,\"height\":96,\"caption\":\"Prof. Dr. Ralf Kitzberger, LL.M.\"}},{\"@type\":\"WebPage\",\"@id\":\"http:\\\/\\\/rechtsportlich.net\\\/?p=2858#webpage\",\"url\":\"http:\\\/\\\/rechtsportlich.net\\\/?p=2858\",\"name\":\"Wann liegt eine Gro\\u00dfveranstaltung vor? | rechtsportlich\",\"description\":\"Muss eine Veranstaltung wegen Corona abgesagt werden?\",\"inLanguage\":\"de-DE\",\"isPartOf\":{\"@id\":\"http:\\\/\\\/rechtsportlich.net\\\/#website\"},\"breadcrumb\":{\"@id\":\"http:\\\/\\\/rechtsportlich.net\\\/?p=2858#breadcrumblist\"},\"author\":{\"@id\":\"http:\\\/\\\/rechtsportlich.net\\\/?author=2#author\"},\"creator\":{\"@id\":\"http:\\\/\\\/rechtsportlich.net\\\/?author=2#author\"},\"datePublished\":\"2020-04-15T18:49:31+02:00\",\"dateModified\":\"2020-04-15T18:49:33+02:00\"},{\"@type\":\"WebSite\",\"@id\":\"http:\\\/\\\/rechtsportlich.net\\\/#website\",\"url\":\"http:\\\/\\\/rechtsportlich.net\\\/\",\"name\":\"rechtsportlich\",\"description\":\"Der Fachblog in Sachen Sport- und Entertainmentrecht\",\"inLanguage\":\"de-DE\",\"publisher\":{\"@id\":\"http:\\\/\\\/rechtsportlich.net\\\/#organization\"}}]}\n\t\t<\/script>\n\t\t<!-- All in One SEO -->\n\n","aioseo_head_json":{"title":"Wann liegt eine Gro\u00dfveranstaltung vor? | rechtsportlich","description":"Muss eine Veranstaltung wegen Corona abgesagt werden?","canonical_url":"http:\/\/rechtsportlich.net\/?p=2858","robots":"max-image-preview:large","keywords":"gro\u00dfveranstaltung,corona,verodrnung,absage,versicherung,pandemie","webmasterTools":{"miscellaneous":""},"schema":{"@context":"https:\/\/schema.org","@graph":[{"@type":"Article","@id":"http:\/\/rechtsportlich.net\/?p=2858#article","name":"Wann liegt eine Gro\u00dfveranstaltung vor? | rechtsportlich","headline":"Wann liegt eine Gro\u00dfveranstaltung vor?","author":{"@id":"http:\/\/rechtsportlich.net\/?author=2#author"},"publisher":{"@id":"http:\/\/rechtsportlich.net\/#organization"},"datePublished":"2020-04-15T18:49:31+02:00","dateModified":"2020-04-15T18:49:33+02:00","inLanguage":"de-DE","mainEntityOfPage":{"@id":"http:\/\/rechtsportlich.net\/?p=2858#webpage"},"isPartOf":{"@id":"http:\/\/rechtsportlich.net\/?p=2858#webpage"},"articleSection":"Allgemein, Absage, Corona, Gro\u00dfveranstaltung, Verodrnung, Versicherung"},{"@type":"BreadcrumbList","@id":"http:\/\/rechtsportlich.net\/?p=2858#breadcrumblist","itemListElement":[{"@type":"ListItem","@id":"http:\/\/rechtsportlich.net#listItem","position":1,"name":"Home","item":"http:\/\/rechtsportlich.net","nextItem":{"@type":"ListItem","@id":"http:\/\/rechtsportlich.net\/?cat=1#listItem","name":"Allgemein"}},{"@type":"ListItem","@id":"http:\/\/rechtsportlich.net\/?cat=1#listItem","position":2,"name":"Allgemein","item":"http:\/\/rechtsportlich.net\/?cat=1","nextItem":{"@type":"ListItem","@id":"http:\/\/rechtsportlich.net\/?p=2858#listItem","name":"Wann liegt eine Gro\u00dfveranstaltung vor?"},"previousItem":{"@type":"ListItem","@id":"http:\/\/rechtsportlich.net#listItem","name":"Home"}},{"@type":"ListItem","@id":"http:\/\/rechtsportlich.net\/?p=2858#listItem","position":3,"name":"Wann liegt eine Gro\u00dfveranstaltung vor?","previousItem":{"@type":"ListItem","@id":"http:\/\/rechtsportlich.net\/?cat=1#listItem","name":"Allgemein"}}]},{"@type":"Organization","@id":"http:\/\/rechtsportlich.net\/#organization","name":"rechtsportlich","description":"Der Fachblog in Sachen Sport- und Entertainmentrecht","url":"http:\/\/rechtsportlich.net\/"},{"@type":"Person","@id":"http:\/\/rechtsportlich.net\/?author=2#author","url":"http:\/\/rechtsportlich.net\/?author=2","name":"Prof. Dr. Ralf Kitzberger, LL.M.","image":{"@type":"ImageObject","@id":"http:\/\/rechtsportlich.net\/?p=2858#authorImage","url":"http:\/\/2.gravatar.com\/avatar\/e68875547354524894b754661984909d?s=96&d=mm&r=g","width":96,"height":96,"caption":"Prof. Dr. Ralf Kitzberger, LL.M."}},{"@type":"WebPage","@id":"http:\/\/rechtsportlich.net\/?p=2858#webpage","url":"http:\/\/rechtsportlich.net\/?p=2858","name":"Wann liegt eine Gro\u00dfveranstaltung vor? | rechtsportlich","description":"Muss eine Veranstaltung wegen Corona abgesagt werden?","inLanguage":"de-DE","isPartOf":{"@id":"http:\/\/rechtsportlich.net\/#website"},"breadcrumb":{"@id":"http:\/\/rechtsportlich.net\/?p=2858#breadcrumblist"},"author":{"@id":"http:\/\/rechtsportlich.net\/?author=2#author"},"creator":{"@id":"http:\/\/rechtsportlich.net\/?author=2#author"},"datePublished":"2020-04-15T18:49:31+02:00","dateModified":"2020-04-15T18:49:33+02:00"},{"@type":"WebSite","@id":"http:\/\/rechtsportlich.net\/#website","url":"http:\/\/rechtsportlich.net\/","name":"rechtsportlich","description":"Der Fachblog in Sachen Sport- und Entertainmentrecht","inLanguage":"de-DE","publisher":{"@id":"http:\/\/rechtsportlich.net\/#organization"}}]},"og:locale":"de_DE","og:site_name":"rechtsportlich.net","og:type":"blog","og:title":"Wann liegt eine Gro\u00dfveranstaltung vor? | rechtsportlich","og:description":"Muss eine Veranstaltung wegen Corona abgesagt werden?","og:url":"http:\/\/rechtsportlich.net\/?p=2858","fb:admins":"189806667707056","og:image":"http:\/\/rechtsportlich.net\/wp-content\/uploads\/2014\/02\/rs.jpg","og:image:width":200,"og:image:height":200,"twitter:card":"summary_large_image","twitter:title":"Wann liegt eine Gro\u00dfveranstaltung vor? | rechtsportlich","twitter:description":"Muss eine Veranstaltung wegen Corona abgesagt werden?","twitter:image":"http:\/\/rechtsportlich.net\/wp-content\/uploads\/2014\/02\/rs.jpg"},"aioseo_meta_data":{"post_id":"2858","title":null,"description":"Muss eine Veranstaltung wegen Corona abgesagt werden?","keywords":[{"label":"Gro\u00dfveranstaltung","value":"Gro\u00dfveranstaltung"},{"label":"Corona","value":"Corona"},{"label":"Verodrnung","value":"Verodrnung"},{"label":"Absage","value":"Absage"},{"label":"Versicherung","value":"Versicherung"},{"label":"Pandemie","value":"Pandemie"}],"keyphrases":null,"primary_term":null,"canonical_url":null,"og_title":"","og_description":"","og_object_type":"blog","og_image_type":"default","og_image_url":null,"og_image_width":null,"og_image_height":null,"og_image_custom_url":null,"og_image_custom_fields":null,"og_video":"","og_custom_url":null,"og_article_section":"","og_article_tags":"","twitter_use_og":false,"twitter_card":"summary_large_image","twitter_image_type":"default","twitter_image_url":null,"twitter_image_custom_url":null,"twitter_image_custom_fields":null,"twitter_title":null,"twitter_description":null,"schema":{"blockGraphs":[],"customGraphs":[],"default":{"data":{"Article":[],"Course":[],"Dataset":[],"FAQPage":[],"Movie":[],"Person":[],"Product":[],"ProductReview":[],"Car":[],"Recipe":[],"Service":[],"SoftwareApplication":[],"WebPage":[]},"graphName":"","isEnabled":true},"graphs":[],"defaultGraph":"","defaultPostTypeGraph":""},"schema_type":null,"schema_type_options":null,"pillar_content":false,"robots_default":true,"robots_noindex":false,"robots_noarchive":false,"robots_nosnippet":false,"robots_nofollow":false,"robots_noimageindex":false,"robots_noodp":false,"robots_notranslate":false,"robots_max_snippet":null,"robots_max_videopreview":null,"robots_max_imagepreview":"large","priority":null,"frequency":null,"local_seo":null,"breadcrumb_settings":null,"limit_modified_date":false,"ai":null,"created":"2020-12-20 20:48:39","updated":"2022-09-13 20:43:29","seo_analyzer_scan_date":null,"focus_keyword":null,"additional_keywords":null,"truseo_locale":null},"aioseo_breadcrumb":"<div class=\"aioseo-breadcrumbs\"><span class=\"aioseo-breadcrumb\">\n\t\t\t<a href=\"http:\/\/rechtsportlich.net\" title=\"Home\">Home<\/a>\n\t\t<\/span><span class=\"aioseo-breadcrumb-separator\">&raquo;<\/span><span class=\"aioseo-breadcrumb\">\n\t\t\t<a href=\"http:\/\/rechtsportlich.net\/?cat=1\" title=\"Allgemein\">Allgemein<\/a>\n\t\t<\/span><span class=\"aioseo-breadcrumb-separator\">&raquo;<\/span><span class=\"aioseo-breadcrumb\">\n\t\t\tWann liegt eine Gro\u00dfveranstaltung vor?\n\t\t<\/span><\/div>","aioseo_breadcrumb_json":[{"label":"Home","link":"http:\/\/rechtsportlich.net"},{"label":"Allgemein","link":"http:\/\/rechtsportlich.net\/?cat=1"},{"label":"Wann liegt eine Gro\u00dfveranstaltung vor?","link":"http:\/\/rechtsportlich.net\/?p=2858"}],"_links":{"self":[{"href":"http:\/\/rechtsportlich.net\/index.php?rest_route=\/wp\/v2\/posts\/2858"}],"collection":[{"href":"http:\/\/rechtsportlich.net\/index.php?rest_route=\/wp\/v2\/posts"}],"about":[{"href":"http:\/\/rechtsportlich.net\/index.php?rest_route=\/wp\/v2\/types\/post"}],"author":[{"embeddable":true,"href":"http:\/\/rechtsportlich.net\/index.php?rest_route=\/wp\/v2\/users\/2"}],"replies":[{"embeddable":true,"href":"http:\/\/rechtsportlich.net\/index.php?rest_route=%2Fwp%2Fv2%2Fcomments&post=2858"}],"version-history":[{"count":1,"href":"http:\/\/rechtsportlich.net\/index.php?rest_route=\/wp\/v2\/posts\/2858\/revisions"}],"predecessor-version":[{"id":2859,"href":"http:\/\/rechtsportlich.net\/index.php?rest_route=\/wp\/v2\/posts\/2858\/revisions\/2859"}],"wp:attachment":[{"href":"http:\/\/rechtsportlich.net\/index.php?rest_route=%2Fwp%2Fv2%2Fmedia&parent=2858"}],"wp:term":[{"taxonomy":"category","embeddable":true,"href":"http:\/\/rechtsportlich.net\/index.php?rest_route=%2Fwp%2Fv2%2Fcategories&post=2858"},{"taxonomy":"post_tag","embeddable":true,"href":"http:\/\/rechtsportlich.net\/index.php?rest_route=%2Fwp%2Fv2%2Ftags&post=2858"}],"curies":[{"name":"wp","href":"https:\/\/api.w.org\/{rel}","templated":true}]}}